{"id":417,"date":"2016-11-01T19:46:58","date_gmt":"2016-11-01T19:46:58","guid":{"rendered":"http:\/\/www.tenerife-ortodoncia.com\/blog\/?p=417"},"modified":"2016-11-01T22:55:11","modified_gmt":"2016-11-01T22:55:11","slug":"invisalign-ortho-forum-2016","status":"publish","type":"post","link":"https:\/\/tenerife-ortodoncia.com\/blog\/?p=417","title":{"rendered":"INVISALIGN ORTHO FORUM 2016"},"content":{"rendered":"<p style=\"text-align: justify;\">El pasado s\u00e1bado 15 de octubre se celebr\u00f3 en Madrid el Invisalign Ortho Forum 2016. En este importante evento participamos m\u00e1s de 400 Doctores, y durante el transcurso del mismo se presentaron los \u00faltimos avances lanzados por Align Technology: Invisalign G7 y el nuevo software ClinCheck Pro 5.0.<\/p>\n<p style=\"text-align: justify;\">Las innovaciones de Invisalign G7 van encaminadas a mejorar el acabado ortod\u00f3ncico con el Sistema Invisalign. Para ello se han dise\u00f1ado nuevos ataches:<\/p>\n<p style=\"text-align: justify;\">&#8211; Optimized Multiplane Attachments: para controlar mejor el movimiento de los incisivos laterales superiores.<\/p>\n<p style=\"text-align: justify;\">&#8211; Optimized Support Attachments: tambi\u00e9n para ayudar a controlar mejor el movimiento de los incisivos laterales superiores cuando tenemos que intruir (desplazar hacia la enc\u00eda) los dientes adyacentes.<\/p>\n<p style=\"text-align: justify;\">&#8211; Control de ra\u00edz optimizado: Mayor control de las ra\u00edces de los premolares a trav\u00e9s de un solo atache combinado con la tecnolog\u00eda SmartStage.<\/p>\n<p style=\"text-align: justify;\">Nuevo softwar ClinCheck Pro 5.0: con caracter\u00edsticas mejoradas y un modelo virtual m\u00e1s realista.<\/p>\n<p style=\"text-align: justify;\">Align Techonology propone tambi\u00e9n en ciertos casos los cambios semanales de los alineadores, en lugar de cada 14 d\u00edas. En este \u00faltimo punto se debe tener cuidado: Los cambios semanales solo son viables en aquellos casos que considere el Doctor, en el resto \u00a0se debe seguir manteniendo el protocolo de cambios cada 14 d\u00edas.<\/p>\n<p style=\"text-align: justify;\">\n","protected":false},"excerpt":{"rendered":"<p>El pasado s\u00e1bado 15 de octubre se celebr\u00f3 en Madrid el Invisalign Ortho Forum 2016. En este importante evento participamos m\u00e1s de 400 Doctores, y durante el transcurso del mismo se presentaron los \u00faltimos avances lanzados por Align Technology: Invisalign G7 y el nuevo software ClinCheck Pro 5.0. Las innovaciones de Invisalign G7 van encaminadas [&hellip;]<\/p>\n","protected":false},"author":1,"featured_media":418,"comment_status":"closed","ping_status":"open","sticky":false,"template":"","format":"standard","meta":{"footnotes":""},"categories":[3],"tags":[],"class_list":["post-417","post","type-post","status-publish","format-standard","has-post-thumbnail","hentry","category-ortodoncia-invisalign-tenerife"],"_links":{"self":[{"href":"https:\/\/tenerife-ortodoncia.com\/blog\/index.php?rest_route=\/wp\/v2\/posts\/417"}],"collection":[{"href":"https:\/\/tenerife-ortodoncia.com\/blog\/index.php?rest_route=\/wp\/v2\/posts"}],"about":[{"href":"https:\/\/tenerife-ortodoncia.com\/blog\/index.php?rest_route=\/wp\/v2\/types\/post"}],"author":[{"embeddable":true,"href":"https:\/\/tenerife-ortodoncia.com\/blog\/index.php?rest_route=\/wp\/v2\/users\/1"}],"replies":[{"embeddable":true,"href":"https:\/\/tenerife-ortodoncia.com\/blog\/index.php?rest_route=%2Fwp%2Fv2%2Fcomments&post=417"}],"version-history":[{"count":7,"href":"https:\/\/tenerife-ortodoncia.com\/blog\/index.php?rest_route=\/wp\/v2\/posts\/417\/revisions"}],"predecessor-version":[{"id":425,"href":"https:\/\/tenerife-ortodoncia.com\/blog\/index.php?rest_route=\/wp\/v2\/posts\/417\/revisions\/425"}],"wp:featuredmedia":[{"embeddable":true,"href":"https:\/\/tenerife-ortodoncia.com\/blog\/index.php?rest_route=\/wp\/v2\/media\/418"}],"wp:attachment":[{"href":"https:\/\/tenerife-ortodoncia.com\/blog\/index.php?rest_route=%2Fwp%2Fv2%2Fmedia&parent=417"}],"wp:term":[{"taxonomy":"category","embeddable":true,"href":"https:\/\/tenerife-ortodoncia.com\/blog\/index.php?rest_route=%2Fwp%2Fv2%2Fcategories&post=417"},{"taxonomy":"post_tag","embeddable":true,"href":"https:\/\/tenerife-ortodoncia.com\/blog\/index.php?rest_route=%2Fwp%2Fv2%2Ftags&post=417"}],"curies":[{"name":"wp","href":"https:\/\/api.w.org\/{rel}","templated":true}]}}